{"id":34982,"date":"2020-08-01T15:30:53","date_gmt":"2020-08-01T13:30:53","guid":{"rendered":"https:\/\/www.miporteria.com\/plantilla-tipo-para-la-planificacion-de-macrociclos-en-el-portero\/"},"modified":"2023-06-18T20:02:44","modified_gmt":"2023-06-18T18:02:44","slug":"plantilla-para-planificar-los-macrociclos-detenedores-de-los-porteros","status":"publish","type":"post","link":"https:\/\/miporteria.com\/en\/plantilla-para-planificar-los-macrociclos-detenedores-de-los-porteros\/","title":{"rendered":"Plantilla para planificar los macrociclos del portero"},"content":{"rendered":"\t\t<div class=\"woocommerce\">\n\t\t\t<div class=\"woocommerce-info wc-memberships-restriction-message wc-memberships-message wc-memberships-content-restricted-message\">\n\t\t\t\tPara acceder a este post, necesitas tener una Suscripci\u00f3n PRO.\t\t    <\/div>\n\t\t<\/div>\n\t\t","protected":false},"excerpt":{"rendered":"\n<div class=\"woocommerce\">\n<div class=\"woocommerce-info wc-memberships-restriction-message wc-memberships-message wc-memberships-content-restricted-message\">\n\t\t\t\tPara acceder a este post, necesitas tener una Suscripci\u00f3n PRO.\t\t    <\/div>\n<\/p><\/div>\n","protected":false},"author":8,"featured_media":34845,"comment_status":"closed","ping_status":"closed","sticky":false,"template":"","format":"standard","meta":{"_et_pb_use_builder":"","_et_pb_old_content":"","_et_gb_content_width":"","footnotes":""},"categories":[223],"tags":[415],"class_list":["post-34982","post","type-post","status-publish","format-standard","has-post-thumbnail","hentry","category-templates-en","tag-magazine-9","membership-content","access-restricted"],"aioseo_notices":[],"aioseo_head":"\n\t\t<!-- All in One SEO 5.0.1.1 - aioseo.com -->\n\t<meta name=\"description\" content=\"August is usually the month goalkeeping coaches spend planning the season. But this August in particular is quite different, due to the exceptional new protocols we must follow for the good sport practise. Have you considered all this new situation in your planning?\" \/>\n\t<meta name=\"robots\" content=\"max-image-preview:large\" \/>\n\t<meta name=\"author\" content=\"Mi porteria\"\/>\n\t<link rel=\"canonical\" href=\"https:\/\/miporteria.com\/en\/plantilla-para-planificar-los-macrociclos-detenedores-de-los-porteros\/\" \/>\n\t<meta name=\"generator\" content=\"All in One SEO (AIOSEO) 5.0.1.1\" \/>\n\t\t<meta property=\"og:locale\" content=\"en_US\" \/>\n\t\t<meta property=\"og:site_name\" content=\"Mi Porter\u00eda - Formaci\u00f3n para el entrenamiento del portero\" \/>\n\t\t<meta property=\"og:type\" content=\"article\" \/>\n\t\t<meta property=\"og:title\" content=\"Plantilla para planificar los macrociclos del portero - Mi Porter\u00eda\" \/>\n\t\t<meta property=\"og:description\" content=\"August is usually the month goalkeeping coaches spend planning the season. But this August in particular is quite different, due to the exceptional new protocols we must follow for the good sport practise. Have you considered all this new situation in your planning?\" \/>\n\t\t<meta property=\"og:url\" content=\"https:\/\/miporteria.com\/en\/plantilla-para-planificar-los-macrociclos-detenedores-de-los-porteros\/\" \/>\n\t\t<meta property=\"article:published_time\" content=\"2020-08-01T13:30:53+00:00\" \/>\n\t\t<meta property=\"article:modified_time\" content=\"2023-06-18T18:02:44+00:00\" \/>\n\t\t<meta name=\"twitter:card\" content=\"summary_large_image\" \/>\n\t\t<meta name=\"twitter:title\" content=\"Plantilla para planificar los macrociclos del portero - Mi Porter\u00eda\" \/>\n\t\t<meta name=\"twitter:description\" content=\"August is usually the month goalkeeping coaches spend planning the season. But this August in particular is quite different, due to the exceptional new protocols we must follow for the good sport practise. Have you considered all this new situation in your planning?\" \/>\n\t\t<script type=\"application\/ld+json\" class=\"aioseo-schema\">\n\t\t\t{\"@context\":\"https:\\\/\\\/schema.org\",\"@graph\":[{\"@type\":\"BlogPosting\",\"@id\":\"https:\\\/\\\/miporteria.com\\\/en\\\/plantilla-para-planificar-los-macrociclos-detenedores-de-los-porteros\\\/#blogposting\",\"name\":\"Plantilla para planificar los macrociclos del portero - Mi Porter\\u00eda\",\"headline\":\"Plantilla para planificar los macrociclos del portero\",\"author\":{\"@id\":\"https:\\\/\\\/miporteria.com\\\/en\\\/author\\\/borja\\\/#author\"},\"publisher\":{\"@id\":\"https:\\\/\\\/miporteria.com\\\/en\\\/#organization\"},\"image\":{\"@type\":\"ImageObject\",\"url\":\"https:\\\/\\\/miporteria.com\\\/wp-content\\\/uploads\\\/2020\\\/07\\\/dc9714f4-d59c-42e5-9fec-f62d1cdf1692_16-9-aspect-ratio_default_0.jpg\",\"width\":880,\"height\":495,\"caption\":\"PA6003. CIUDAD DE PANAM\\u00c1 (PANAM\\u00c1) 31\\\/01\\\/15.- Fotograf\\u00eda cedida del t\\u00e9cnico deportivo formador de entrenadores de la Fundaci\\u00f3n Real Madrid, V\\u00edctor De Arce Lude\\u00f1a (d), mientras habla con un grupo de jugadores hoy, s\\u00e1bado 31 de enero de 2015, durante una capacitaci\\u00f3n de tres d\\u00edas a entrenadores, t\\u00e9cnicos y alumnos de la Escuela Sociodeportiva de la Fundaci\\u00f3n Amigos del Real Madrid en Panam\\u00e1 en la capital del pa\\u00eds. De Arce Lude\\u00f1a se\\u00f1al\\u00f3 que aprovechar\\u00e1 su visita para evaluar a los monitores de las Escuelas Sociodeportivas, en las que participan ni\\u00f1os y ni\\u00f1as con la finalidad de afianzar sus conocimientos sobre la pr\\u00e1ctica del f\\u00fatbol como deporte por excelencia. EFE\\\/PRESIDENCIA DE PANAM\\u00c1\\\/SOLO USO EDITORIAL \\\/ NO VENTAS\"},\"datePublished\":\"2020-08-01T15:30:53+02:00\",\"dateModified\":\"2023-06-18T20:02:44+02:00\",\"inLanguage\":\"en-US\",\"mainEntityOfPage\":{\"@id\":\"https:\\\/\\\/miporteria.com\\\/en\\\/plantilla-para-planificar-los-macrociclos-detenedores-de-los-porteros\\\/#webpage\"},\"isPartOf\":{\"@id\":\"https:\\\/\\\/miporteria.com\\\/en\\\/plantilla-para-planificar-los-macrociclos-detenedores-de-los-porteros\\\/#webpage\"},\"articleSection\":\"Templates, Magazine #9\"},{\"@type\":\"BreadcrumbList\",\"@id\":\"https:\\\/\\\/miporteria.com\\\/en\\\/plantilla-para-planificar-los-macrociclos-detenedores-de-los-porteros\\\/#breadcrumblist\",\"itemListElement\":[{\"@type\":\"ListItem\",\"@id\":\"https:\\\/\\\/miporteria.com\\\/en\\\/#listItem\",\"position\":1,\"name\":\"Home\",\"item\":\"https:\\\/\\\/miporteria.com\\\/en\\\/\",\"nextItem\":{\"@type\":\"ListItem\",\"@id\":\"https:\\\/\\\/miporteria.com\\\/en\\\/category\\\/my-notebook-en\\\/#listItem\",\"name\":\"My Notebook\"}},{\"@type\":\"ListItem\",\"@id\":\"https:\\\/\\\/miporteria.com\\\/en\\\/category\\\/my-notebook-en\\\/#listItem\",\"position\":2,\"name\":\"My Notebook\",\"item\":\"https:\\\/\\\/miporteria.com\\\/en\\\/category\\\/my-notebook-en\\\/\",\"nextItem\":{\"@type\":\"ListItem\",\"@id\":\"https:\\\/\\\/miporteria.com\\\/en\\\/category\\\/my-notebook-en\\\/templates-en\\\/#listItem\",\"name\":\"Templates\"},\"previousItem\":{\"@type\":\"ListItem\",\"@id\":\"https:\\\/\\\/miporteria.com\\\/en\\\/#listItem\",\"name\":\"Home\"}},{\"@type\":\"ListItem\",\"@id\":\"https:\\\/\\\/miporteria.com\\\/en\\\/category\\\/my-notebook-en\\\/templates-en\\\/#listItem\",\"position\":3,\"name\":\"Templates\",\"item\":\"https:\\\/\\\/miporteria.com\\\/en\\\/category\\\/my-notebook-en\\\/templates-en\\\/\",\"nextItem\":{\"@type\":\"ListItem\",\"@id\":\"https:\\\/\\\/miporteria.com\\\/en\\\/plantilla-para-planificar-los-macrociclos-detenedores-de-los-porteros\\\/#listItem\",\"name\":\"Plantilla para planificar los macrociclos del portero\"},\"previousItem\":{\"@type\":\"ListItem\",\"@id\":\"https:\\\/\\\/miporteria.com\\\/en\\\/category\\\/my-notebook-en\\\/#listItem\",\"name\":\"My Notebook\"}},{\"@type\":\"ListItem\",\"@id\":\"https:\\\/\\\/miporteria.com\\\/en\\\/plantilla-para-planificar-los-macrociclos-detenedores-de-los-porteros\\\/#listItem\",\"position\":4,\"name\":\"Plantilla para planificar los macrociclos del portero\",\"previousItem\":{\"@type\":\"ListItem\",\"@id\":\"https:\\\/\\\/miporteria.com\\\/en\\\/category\\\/my-notebook-en\\\/templates-en\\\/#listItem\",\"name\":\"Templates\"}}]},{\"@type\":\"Organization\",\"@id\":\"https:\\\/\\\/miporteria.com\\\/en\\\/#organization\",\"name\":\"Mi Porter\\u00eda\",\"description\":\"Formaci\\u00f3n para el entrenamiento del portero\",\"url\":\"https:\\\/\\\/miporteria.com\\\/en\\\/\"},{\"@type\":\"Person\",\"@id\":\"https:\\\/\\\/miporteria.com\\\/en\\\/author\\\/borja\\\/#author\",\"url\":\"https:\\\/\\\/miporteria.com\\\/en\\\/author\\\/borja\\\/\",\"name\":\"Mi porteria\",\"image\":{\"@type\":\"ImageObject\",\"@id\":\"https:\\\/\\\/miporteria.com\\\/en\\\/plantilla-para-planificar-los-macrociclos-detenedores-de-los-porteros\\\/#authorImage\",\"url\":\"https:\\\/\\\/secure.gravatar.com\\\/avatar\\\/c4babc7d1dcce8b57c3ecce09bd3187b2a1df20dd405ad01957b10b304885c2e?s=96&d=mm\",\"width\":96,\"height\":96,\"caption\":\"Mi porteria\"}},{\"@type\":\"WebPage\",\"@id\":\"https:\\\/\\\/miporteria.com\\\/en\\\/plantilla-para-planificar-los-macrociclos-detenedores-de-los-porteros\\\/#webpage\",\"url\":\"https:\\\/\\\/miporteria.com\\\/en\\\/plantilla-para-planificar-los-macrociclos-detenedores-de-los-porteros\\\/\",\"name\":\"Plantilla para planificar los macrociclos del portero - Mi Porter\\u00eda\",\"description\":\"August is usually the month goalkeeping coaches spend planning the season. But this August in particular is quite different, due to the exceptional new protocols we must follow for the good sport practise. Have you considered all this new situation in your planning?\",\"inLanguage\":\"en-US\",\"isPartOf\":{\"@id\":\"https:\\\/\\\/miporteria.com\\\/en\\\/#website\"},\"breadcrumb\":{\"@id\":\"https:\\\/\\\/miporteria.com\\\/en\\\/plantilla-para-planificar-los-macrociclos-detenedores-de-los-porteros\\\/#breadcrumblist\"},\"author\":{\"@id\":\"https:\\\/\\\/miporteria.com\\\/en\\\/author\\\/borja\\\/#author\"},\"creator\":{\"@id\":\"https:\\\/\\\/miporteria.com\\\/en\\\/author\\\/borja\\\/#author\"},\"image\":{\"@type\":\"ImageObject\",\"url\":\"https:\\\/\\\/miporteria.com\\\/wp-content\\\/uploads\\\/2020\\\/07\\\/dc9714f4-d59c-42e5-9fec-f62d1cdf1692_16-9-aspect-ratio_default_0.jpg\",\"@id\":\"https:\\\/\\\/miporteria.com\\\/en\\\/plantilla-para-planificar-los-macrociclos-detenedores-de-los-porteros\\\/#mainImage\",\"width\":880,\"height\":495,\"caption\":\"PA6003. CIUDAD DE PANAM\\u00c1 (PANAM\\u00c1) 31\\\/01\\\/15.- Fotograf\\u00eda cedida del t\\u00e9cnico deportivo formador de entrenadores de la Fundaci\\u00f3n Real Madrid, V\\u00edctor De Arce Lude\\u00f1a (d), mientras habla con un grupo de jugadores hoy, s\\u00e1bado 31 de enero de 2015, durante una capacitaci\\u00f3n de tres d\\u00edas a entrenadores, t\\u00e9cnicos y alumnos de la Escuela Sociodeportiva de la Fundaci\\u00f3n Amigos del Real Madrid en Panam\\u00e1 en la capital del pa\\u00eds. De Arce Lude\\u00f1a se\\u00f1al\\u00f3 que aprovechar\\u00e1 su visita para evaluar a los monitores de las Escuelas Sociodeportivas, en las que participan ni\\u00f1os y ni\\u00f1as con la finalidad de afianzar sus conocimientos sobre la pr\\u00e1ctica del f\\u00fatbol como deporte por excelencia. EFE\\\/PRESIDENCIA DE PANAM\\u00c1\\\/SOLO USO EDITORIAL \\\/ NO VENTAS\"},\"primaryImageOfPage\":{\"@id\":\"https:\\\/\\\/miporteria.com\\\/en\\\/plantilla-para-planificar-los-macrociclos-detenedores-de-los-porteros\\\/#mainImage\"},\"datePublished\":\"2020-08-01T15:30:53+02:00\",\"dateModified\":\"2023-06-18T20:02:44+02:00\"},{\"@type\":\"WebSite\",\"@id\":\"https:\\\/\\\/miporteria.com\\\/en\\\/#website\",\"url\":\"https:\\\/\\\/miporteria.com\\\/en\\\/\",\"name\":\"Mi Porter\\u00eda\",\"description\":\"Formaci\\u00f3n para el entrenamiento del portero\",\"inLanguage\":\"en-US\",\"publisher\":{\"@id\":\"https:\\\/\\\/miporteria.com\\\/en\\\/#organization\"}}]}\n\t\t<\/script>\n\t\t<!-- All in One SEO -->\n\n","aioseo_head_json":{"title":"Plantilla para planificar los macrociclos del portero - Mi Porter\u00eda","description":"August is usually the month goalkeeping coaches spend planning the season. But this August in particular is quite different, due to the exceptional new protocols we must follow for the good sport practise. Have you considered all this new situation in your planning?","canonical_url":"https:\/\/miporteria.com\/en\/plantilla-para-planificar-los-macrociclos-detenedores-de-los-porteros\/","robots":"max-image-preview:large","keywords":"","webmasterTools":{"miscellaneous":""},"schema":{"@context":"https:\/\/schema.org","@graph":[{"@type":"BlogPosting","@id":"https:\/\/miporteria.com\/en\/plantilla-para-planificar-los-macrociclos-detenedores-de-los-porteros\/#blogposting","name":"Plantilla para planificar los macrociclos del portero - Mi Porter\u00eda","headline":"Plantilla para planificar los macrociclos del portero","author":{"@id":"https:\/\/miporteria.com\/en\/author\/borja\/#author"},"publisher":{"@id":"https:\/\/miporteria.com\/en\/#organization"},"image":{"@type":"ImageObject","url":"https:\/\/miporteria.com\/wp-content\/uploads\/2020\/07\/dc9714f4-d59c-42e5-9fec-f62d1cdf1692_16-9-aspect-ratio_default_0.jpg","width":880,"height":495,"caption":"PA6003. CIUDAD DE PANAM\u00c1 (PANAM\u00c1) 31\/01\/15.- Fotograf\u00eda cedida del t\u00e9cnico deportivo formador de entrenadores de la Fundaci\u00f3n Real Madrid, V\u00edctor De Arce Lude\u00f1a (d), mientras habla con un grupo de jugadores hoy, s\u00e1bado 31 de enero de 2015, durante una capacitaci\u00f3n de tres d\u00edas a entrenadores, t\u00e9cnicos y alumnos de la Escuela Sociodeportiva de la Fundaci\u00f3n Amigos del Real Madrid en Panam\u00e1 en la capital del pa\u00eds. De Arce Lude\u00f1a se\u00f1al\u00f3 que aprovechar\u00e1 su visita para evaluar a los monitores de las Escuelas Sociodeportivas, en las que participan ni\u00f1os y ni\u00f1as con la finalidad de afianzar sus conocimientos sobre la pr\u00e1ctica del f\u00fatbol como deporte por excelencia. EFE\/PRESIDENCIA DE PANAM\u00c1\/SOLO USO EDITORIAL \/ NO VENTAS"},"datePublished":"2020-08-01T15:30:53+02:00","dateModified":"2023-06-18T20:02:44+02:00","inLanguage":"en-US","mainEntityOfPage":{"@id":"https:\/\/miporteria.com\/en\/plantilla-para-planificar-los-macrociclos-detenedores-de-los-porteros\/#webpage"},"isPartOf":{"@id":"https:\/\/miporteria.com\/en\/plantilla-para-planificar-los-macrociclos-detenedores-de-los-porteros\/#webpage"},"articleSection":"Templates, Magazine #9"},{"@type":"BreadcrumbList","@id":"https:\/\/miporteria.com\/en\/plantilla-para-planificar-los-macrociclos-detenedores-de-los-porteros\/#breadcrumblist","itemListElement":[{"@type":"ListItem","@id":"https:\/\/miporteria.com\/en\/#listItem","position":1,"name":"Home","item":"https:\/\/miporteria.com\/en\/","nextItem":{"@type":"ListItem","@id":"https:\/\/miporteria.com\/en\/category\/my-notebook-en\/#listItem","name":"My Notebook"}},{"@type":"ListItem","@id":"https:\/\/miporteria.com\/en\/category\/my-notebook-en\/#listItem","position":2,"name":"My Notebook","item":"https:\/\/miporteria.com\/en\/category\/my-notebook-en\/","nextItem":{"@type":"ListItem","@id":"https:\/\/miporteria.com\/en\/category\/my-notebook-en\/templates-en\/#listItem","name":"Templates"},"previousItem":{"@type":"ListItem","@id":"https:\/\/miporteria.com\/en\/#listItem","name":"Home"}},{"@type":"ListItem","@id":"https:\/\/miporteria.com\/en\/category\/my-notebook-en\/templates-en\/#listItem","position":3,"name":"Templates","item":"https:\/\/miporteria.com\/en\/category\/my-notebook-en\/templates-en\/","nextItem":{"@type":"ListItem","@id":"https:\/\/miporteria.com\/en\/plantilla-para-planificar-los-macrociclos-detenedores-de-los-porteros\/#listItem","name":"Plantilla para planificar los macrociclos del portero"},"previousItem":{"@type":"ListItem","@id":"https:\/\/miporteria.com\/en\/category\/my-notebook-en\/#listItem","name":"My Notebook"}},{"@type":"ListItem","@id":"https:\/\/miporteria.com\/en\/plantilla-para-planificar-los-macrociclos-detenedores-de-los-porteros\/#listItem","position":4,"name":"Plantilla para planificar los macrociclos del portero","previousItem":{"@type":"ListItem","@id":"https:\/\/miporteria.com\/en\/category\/my-notebook-en\/templates-en\/#listItem","name":"Templates"}}]},{"@type":"Organization","@id":"https:\/\/miporteria.com\/en\/#organization","name":"Mi Porter\u00eda","description":"Formaci\u00f3n para el entrenamiento del portero","url":"https:\/\/miporteria.com\/en\/"},{"@type":"Person","@id":"https:\/\/miporteria.com\/en\/author\/borja\/#author","url":"https:\/\/miporteria.com\/en\/author\/borja\/","name":"Mi porteria","image":{"@type":"ImageObject","@id":"https:\/\/miporteria.com\/en\/plantilla-para-planificar-los-macrociclos-detenedores-de-los-porteros\/#authorImage","url":"https:\/\/secure.gravatar.com\/avatar\/c4babc7d1dcce8b57c3ecce09bd3187b2a1df20dd405ad01957b10b304885c2e?s=96&d=mm","width":96,"height":96,"caption":"Mi porteria"}},{"@type":"WebPage","@id":"https:\/\/miporteria.com\/en\/plantilla-para-planificar-los-macrociclos-detenedores-de-los-porteros\/#webpage","url":"https:\/\/miporteria.com\/en\/plantilla-para-planificar-los-macrociclos-detenedores-de-los-porteros\/","name":"Plantilla para planificar los macrociclos del portero - Mi Porter\u00eda","description":"August is usually the month goalkeeping coaches spend planning the season. But this August in particular is quite different, due to the exceptional new protocols we must follow for the good sport practise. Have you considered all this new situation in your planning?","inLanguage":"en-US","isPartOf":{"@id":"https:\/\/miporteria.com\/en\/#website"},"breadcrumb":{"@id":"https:\/\/miporteria.com\/en\/plantilla-para-planificar-los-macrociclos-detenedores-de-los-porteros\/#breadcrumblist"},"author":{"@id":"https:\/\/miporteria.com\/en\/author\/borja\/#author"},"creator":{"@id":"https:\/\/miporteria.com\/en\/author\/borja\/#author"},"image":{"@type":"ImageObject","url":"https:\/\/miporteria.com\/wp-content\/uploads\/2020\/07\/dc9714f4-d59c-42e5-9fec-f62d1cdf1692_16-9-aspect-ratio_default_0.jpg","@id":"https:\/\/miporteria.com\/en\/plantilla-para-planificar-los-macrociclos-detenedores-de-los-porteros\/#mainImage","width":880,"height":495,"caption":"PA6003. CIUDAD DE PANAM\u00c1 (PANAM\u00c1) 31\/01\/15.- Fotograf\u00eda cedida del t\u00e9cnico deportivo formador de entrenadores de la Fundaci\u00f3n Real Madrid, V\u00edctor De Arce Lude\u00f1a (d), mientras habla con un grupo de jugadores hoy, s\u00e1bado 31 de enero de 2015, durante una capacitaci\u00f3n de tres d\u00edas a entrenadores, t\u00e9cnicos y alumnos de la Escuela Sociodeportiva de la Fundaci\u00f3n Amigos del Real Madrid en Panam\u00e1 en la capital del pa\u00eds. De Arce Lude\u00f1a se\u00f1al\u00f3 que aprovechar\u00e1 su visita para evaluar a los monitores de las Escuelas Sociodeportivas, en las que participan ni\u00f1os y ni\u00f1as con la finalidad de afianzar sus conocimientos sobre la pr\u00e1ctica del f\u00fatbol como deporte por excelencia. EFE\/PRESIDENCIA DE PANAM\u00c1\/SOLO USO EDITORIAL \/ NO VENTAS"},"primaryImageOfPage":{"@id":"https:\/\/miporteria.com\/en\/plantilla-para-planificar-los-macrociclos-detenedores-de-los-porteros\/#mainImage"},"datePublished":"2020-08-01T15:30:53+02:00","dateModified":"2023-06-18T20:02:44+02:00"},{"@type":"WebSite","@id":"https:\/\/miporteria.com\/en\/#website","url":"https:\/\/miporteria.com\/en\/","name":"Mi Porter\u00eda","description":"Formaci\u00f3n para el entrenamiento del portero","inLanguage":"en-US","publisher":{"@id":"https:\/\/miporteria.com\/en\/#organization"}}]},"og:locale":"en_US","og:site_name":"Mi Porter\u00eda - Formaci\u00f3n para el entrenamiento del portero","og:type":"article","og:title":"Plantilla para planificar los macrociclos del portero - Mi Porter\u00eda","og:description":"August is usually the month goalkeeping coaches spend planning the season. But this August in particular is quite different, due to the exceptional new protocols we must follow for the good sport practise. Have you considered all this new situation in your planning?","og:url":"https:\/\/miporteria.com\/en\/plantilla-para-planificar-los-macrociclos-detenedores-de-los-porteros\/","article:published_time":"2020-08-01T13:30:53+00:00","article:modified_time":"2023-06-18T18:02:44+00:00","twitter:card":"summary_large_image","twitter:title":"Plantilla para planificar los macrociclos del portero - Mi Porter\u00eda","twitter:description":"August is usually the month goalkeeping coaches spend planning the season. But this August in particular is quite different, due to the exceptional new protocols we must follow for the good sport practise. Have you considered all this new situation in your planning?"},"aioseo_meta_data":{"post_id":"34982","title":null,"description":null,"keywords":null,"keyphrases":null,"primary_term":null,"canonical_url":null,"og_title":null,"og_description":null,"og_object_type":"default","og_image_type":"default","og_image_url":null,"og_image_width":null,"og_image_height":null,"og_image_custom_url":null,"og_image_custom_fields":null,"og_video":null,"og_custom_url":null,"og_article_section":null,"og_article_tags":null,"twitter_use_og":false,"twitter_card":"default","twitter_image_type":"default","twitter_image_url":null,"twitter_image_custom_url":null,"twitter_image_custom_fields":null,"twitter_title":null,"twitter_description":null,"schema":{"blockGraphs":[],"customGraphs":[],"default":{"data":{"Article":[],"Course":[],"Dataset":[],"FAQPage":[],"Movie":[],"Person":[],"Product":[],"ProductReview":[],"Car":[],"Recipe":[],"Service":[],"SoftwareApplication":[],"WebPage":[]},"graphName":"","isEnabled":true},"graphs":[]},"schema_type":"default","schema_type_options":null,"pillar_content":false,"robots_default":true,"robots_noindex":false,"robots_noarchive":false,"robots_nosnippet":false,"robots_nofollow":false,"robots_noimageindex":false,"robots_noodp":false,"robots_notranslate":false,"robots_max_snippet":null,"robots_max_videopreview":null,"robots_max_imagepreview":"large","priority":null,"frequency":null,"local_seo":null,"breadcrumb_settings":null,"limit_modified_date":false,"ai":null,"created":"2023-11-03 08:12:14","updated":"2025-10-14 20:03:19","focus_keyword":null,"additional_keywords":null,"truseo_locale":null,"seo_analyzer_scan_date":null},"aioseo_breadcrumb":"<div class=\"aioseo-breadcrumbs\"><span class=\"aioseo-breadcrumb\">\n\t\t\t<a href=\"https:\/\/miporteria.com\/en\/\" title=\"Home\">Home<\/a>\n\t\t<\/span><span class=\"aioseo-breadcrumb-separator\">&raquo;<\/span><span class=\"aioseo-breadcrumb\">\n\t\t\t<a href=\"https:\/\/miporteria.com\/en\/category\/my-notebook-en\/\" title=\"My Notebook\">My Notebook<\/a>\n\t\t<\/span><span class=\"aioseo-breadcrumb-separator\">&raquo;<\/span><span class=\"aioseo-breadcrumb\">\n\t\t\t<a href=\"https:\/\/miporteria.com\/en\/category\/my-notebook-en\/templates-en\/\" title=\"Templates\">Templates<\/a>\n\t\t<\/span><span class=\"aioseo-breadcrumb-separator\">&raquo;<\/span><span class=\"aioseo-breadcrumb\">\n\t\t\tPlantilla para planificar los macrociclos del portero\n\t\t<\/span><\/div>","aioseo_breadcrumb_json":[{"label":"Home","link":"https:\/\/miporteria.com\/en\/"},{"label":"My Notebook","link":"https:\/\/miporteria.com\/en\/category\/my-notebook-en\/"},{"label":"Templates","link":"https:\/\/miporteria.com\/en\/category\/my-notebook-en\/templates-en\/"},{"label":"Plantilla para planificar los macrociclos del portero","link":"https:\/\/miporteria.com\/en\/plantilla-para-planificar-los-macrociclos-detenedores-de-los-porteros\/"}],"_links":{"self":[{"href":"https:\/\/miporteria.com\/en\/wp-json\/wp\/v2\/posts\/34982","targetHints":{"allow":["GET"]}}],"collection":[{"href":"https:\/\/miporteria.com\/en\/wp-json\/wp\/v2\/posts"}],"about":[{"href":"https:\/\/miporteria.com\/en\/wp-json\/wp\/v2\/types\/post"}],"author":[{"embeddable":true,"href":"https:\/\/miporteria.com\/en\/wp-json\/wp\/v2\/users\/8"}],"replies":[{"embeddable":true,"href":"https:\/\/miporteria.com\/en\/wp-json\/wp\/v2\/comments?post=34982"}],"version-history":[{"count":2,"href":"https:\/\/miporteria.com\/en\/wp-json\/wp\/v2\/posts\/34982\/revisions"}],"predecessor-version":[{"id":76440,"href":"https:\/\/miporteria.com\/en\/wp-json\/wp\/v2\/posts\/34982\/revisions\/76440"}],"wp:featuredmedia":[{"embeddable":true,"href":"https:\/\/miporteria.com\/en\/wp-json\/wp\/v2\/media\/34845"}],"wp:attachment":[{"href":"https:\/\/miporteria.com\/en\/wp-json\/wp\/v2\/media?parent=34982"}],"wp:term":[{"taxonomy":"category","embeddable":true,"href":"https:\/\/miporteria.com\/en\/wp-json\/wp\/v2\/categories?post=34982"},{"taxonomy":"post_tag","embeddable":true,"href":"https:\/\/miporteria.com\/en\/wp-json\/wp\/v2\/tags?post=34982"}],"curies":[{"name":"wp","href":"https:\/\/api.w.org\/{rel}","templated":true}]}}